{"id":253,"date":"2019-09-09T15:19:00","date_gmt":"2019-09-09T15:19:00","guid":{"rendered":"https:\/\/loboiberico.org\/?p=253"},"modified":"2025-01-24T17:55:05","modified_gmt":"2025-01-24T17:55:05","slug":"fim-de-semana-bio-diverso-paredes-de-coura","status":"publish","type":"post","link":"https:\/\/loboiberico.org\/pt\/noticias\/fim-de-semana-bio-diverso-paredes-de-coura\/","title":{"rendered":"Fim de semana Bio diverso &#8211; Paredes de Coura"},"content":{"rendered":"\n<p>20 a 22 de setembro &#8211; Projeto &#8220;O lobo e o homem: proteger, valorizar e sensibilizar&#8221;<\/p>\n\n\n\n<p>Nos dias 20 a 22 de setembro ir\u00e1 decorrer a atividade final do projeto &#8220;o Lobo e o homem: proteger, valorizar e sensibilizar&#8221;, entre o Centro cultural de Paredes de Coura e a Casa da Biodiversidade de Castanheira com visita de campo ao baldio da Castanheira para demonstra\u00e7\u00e3o de t\u00e9cnicas de gest\u00e3o florestal sustent\u00e1veis com recurso a trac\u00e7\u00e3o animal moderna.<\/p>\n\n\n\n<p>Haver\u00e1 tamb\u00e9m palestras, exposi\u00e7\u00f5es e um espet\u00e1culo cultural para os demais participantes.<\/p>\n\n\n\n<p>A entrada \u00e9 livre e aberta ao p\u00fablico!<\/p>\n","protected":false},"excerpt":{"rendered":"<p>20 a 22 de setembro &#8211; Projeto &#8220;O lobo e o homem: proteger, valorizar e sensibilizar&#8221; Nos dias 20 a 22 de setembro ir\u00e1 decorrer a atividade final do projeto &#8220;o Lobo e o homem: proteger, valorizar e sensibilizar&#8221;, entre o Centro cultural de Paredes de Coura e a Casa da Biodiversidade de Castanheira com [&hellip;]<\/p>\n","protected":false},"author":1,"featured_media":255,"comment_status":"open","ping_status":"closed","sticky":false,"template":"","format":"standard","meta":{"_et_pb_use_builder":"off","_et_pb_old_content":"","_et_gb_content_width":"","footnotes":""},"categories":[5],"tags":[],"class_list":["post-253","post","type-post","status-publish","format-standard","has-post-thumbnail","hentry","category-noticias"],"_links":{"self":[{"href":"https:\/\/loboiberico.org\/pt\/wp-json\/wp\/v2\/posts\/253","targetHints":{"allow":["GET"]}}],"collection":[{"href":"https:\/\/loboiberico.org\/pt\/wp-json\/wp\/v2\/posts"}],"about":[{"href":"https:\/\/loboiberico.org\/pt\/wp-json\/wp\/v2\/types\/post"}],"author":[{"embeddable":true,"href":"https:\/\/loboiberico.org\/pt\/wp-json\/wp\/v2\/users\/1"}],"replies":[{"embeddable":true,"href":"https:\/\/loboiberico.org\/pt\/wp-json\/wp\/v2\/comments?post=253"}],"version-history":[{"count":2,"href":"https:\/\/loboiberico.org\/pt\/wp-json\/wp\/v2\/posts\/253\/revisions"}],"predecessor-version":[{"id":257,"href":"https:\/\/loboiberico.org\/pt\/wp-json\/wp\/v2\/posts\/253\/revisions\/257"}],"wp:featuredmedia":[{"embeddable":true,"href":"https:\/\/loboiberico.org\/pt\/wp-json\/wp\/v2\/media\/255"}],"wp:attachment":[{"href":"https:\/\/loboiberico.org\/pt\/wp-json\/wp\/v2\/media?parent=253"}],"wp:term":[{"taxonomy":"category","embeddable":true,"href":"https:\/\/loboiberico.org\/pt\/wp-json\/wp\/v2\/categories?post=253"},{"taxonomy":"post_tag","embeddable":true,"href":"https:\/\/loboiberico.org\/pt\/wp-json\/wp\/v2\/tags?post=253"}],"curies":[{"name":"wp","href":"https:\/\/api.w.org\/{rel}","templated":true}]}}