{"id":261,"date":"2025-01-24T15:26:31","date_gmt":"2025-01-24T15:26:31","guid":{"rendered":"https:\/\/loboiberico.org\/?p=261"},"modified":"2025-01-24T17:55:05","modified_gmt":"2025-01-24T17:55:05","slug":"rusi-x-reuniao-de-ungulados-silvestres-ibericos","status":"publish","type":"post","link":"https:\/\/loboiberico.org\/pt\/noticias\/rusi-x-reuniao-de-ungulados-silvestres-ibericos\/","title":{"rendered":"RUSI X &#8211; Reuni\u00e3o de Ungulados Silvestres Ib\u00e9ricos"},"content":{"rendered":"\n<p>18 e 19 de outubro, 2019 na Lous\u00e3, Coimbra<\/p>\n\n\n\n<p>&nbsp;A Universide de Aveiro em colabora\u00e7\u00e3o com a ACHLI est\u00e1 a organizar a X RUSI &#8211; Reuni\u00e3o de Ungulados Silvestres Ib\u00e9ricos, que decorrer\u00e1 nos dias 18 e 19 de outubro no COTF, Lous\u00e3, Coimbra.<\/p>\n\n\n\n<p>A Reuni\u00e3o sobre Ungulados Silvestres Ib\u00e9ricos (RUSI) surgiu em 2010 como objetivo de criar um f\u00f3rum de debate e interc\u00e2mbio de informa\u00e7\u00e3o entre&nbsp;os diferentes especialistas e agentes que desenvolvem trabalhos ou&nbsp;atividades relacionadas com os ungulados ib\u00e9ricos silvestres.<\/p>\n\n\n\n<p>O tema desta 10\u00aa edi\u00e7\u00e3o ser\u00e1 &#8220;Ungulate Rewilding: Challenges and Opportunities&#8221;.<\/p>\n\n\n\n<p>A reuni\u00e3o basear-se-\u00e1 em&nbsp;sess\u00f5es de discuss\u00e3o que se iniciar\u00e3o com uma apresenta\u00e7\u00e3o em formato&nbsp;de revis\u00e3o, seguida de debate com partilha de experi\u00eancias e pontos de&nbsp;vista dos participantes. Al\u00e9m da sess\u00e3o de discuss\u00e3o, existir\u00e1 tamb\u00e9m&nbsp;lugar para apresenta\u00e7\u00e3o de comunica\u00e7\u00f5es em formato p\u00f3ster. Este ano, num contexto mais ecol\u00f3gico, as apresenta\u00e7\u00f5es dos posteres ser\u00e3o substitu\u00eddas por proje\u00e7\u00f5es.<\/p>\n\n\n\n<p>Convidamos-vos a participar ativamente na RUSI X, tanto nos debates&nbsp;como apresentando os vossos trabalhos. Em breve ser\u00e1 disponibilizada&nbsp;mais informa\u00e7\u00e3o relativa \u00e0s datas de inscri\u00e7\u00e3o e programa.&nbsp;<\/p>\n\n\n\n<p><strong>Programa preliminar<\/strong><\/p>\n\n\n\n<p>Dia 18\/10 \u2013 Sess\u00e3o de&nbsp;discuss\u00e3o (manh\u00e3) + sess\u00e3o de p\u00f3steres (tarde)<\/p>\n\n\n\n<p>Dia 19\/10 &#8211; Sa\u00edda de campo<\/p>\n\n\n\n<p>Esperamos por voc\u00eas!!<\/p>\n\n\n\n<p>Para mais informa\u00e7\u00f5es: reuniao.ungulados2019@gmail.com<\/p>\n","protected":false},"excerpt":{"rendered":"<p>18 e 19 de outubro, 2019 na Lous\u00e3, Coimbra &nbsp;A Universide de Aveiro em colabora\u00e7\u00e3o com a ACHLI est\u00e1 a organizar a X RUSI &#8211; Reuni\u00e3o de Ungulados Silvestres Ib\u00e9ricos, que decorrer\u00e1 nos dias 18 e 19 de outubro no COTF, Lous\u00e3, Coimbra. A Reuni\u00e3o sobre Ungulados Silvestres Ib\u00e9ricos (RUSI) surgiu em 2010 como objetivo [&hellip;]<\/p>\n","protected":false},"author":1,"featured_media":262,"comment_status":"open","ping_status":"closed","sticky":false,"template":"","format":"standard","meta":{"_et_pb_use_builder":"off","_et_pb_old_content":"","_et_gb_content_width":"","footnotes":""},"categories":[5],"tags":[],"class_list":["post-261","post","type-post","status-publish","format-standard","has-post-thumbnail","hentry","category-noticias"],"_links":{"self":[{"href":"https:\/\/loboiberico.org\/pt\/wp-json\/wp\/v2\/posts\/261","targetHints":{"allow":["GET"]}}],"collection":[{"href":"https:\/\/loboiberico.org\/pt\/wp-json\/wp\/v2\/posts"}],"about":[{"href":"https:\/\/loboiberico.org\/pt\/wp-json\/wp\/v2\/types\/post"}],"author":[{"embeddable":true,"href":"https:\/\/loboiberico.org\/pt\/wp-json\/wp\/v2\/users\/1"}],"replies":[{"embeddable":true,"href":"https:\/\/loboiberico.org\/pt\/wp-json\/wp\/v2\/comments?post=261"}],"version-history":[{"count":1,"href":"https:\/\/loboiberico.org\/pt\/wp-json\/wp\/v2\/posts\/261\/revisions"}],"predecessor-version":[{"id":263,"href":"https:\/\/loboiberico.org\/pt\/wp-json\/wp\/v2\/posts\/261\/revisions\/263"}],"wp:featuredmedia":[{"embeddable":true,"href":"https:\/\/loboiberico.org\/pt\/wp-json\/wp\/v2\/media\/262"}],"wp:attachment":[{"href":"https:\/\/loboiberico.org\/pt\/wp-json\/wp\/v2\/media?parent=261"}],"wp:term":[{"taxonomy":"category","embeddable":true,"href":"https:\/\/loboiberico.org\/pt\/wp-json\/wp\/v2\/categories?post=261"},{"taxonomy":"post_tag","embeddable":true,"href":"https:\/\/loboiberico.org\/pt\/wp-json\/wp\/v2\/tags?post=261"}],"curies":[{"name":"wp","href":"https:\/\/api.w.org\/{rel}","templated":true}]}}